{"id":4294,"date":"2025-06-11T15:44:00","date_gmt":"2025-06-11T15:44:00","guid":{"rendered":"https:\/\/katiafachgomez.com\/?p=4294"},"modified":"2025-12-22T08:31:27","modified_gmt":"2025-12-22T08:31:27","slug":"el-estado-de-conservacion-del-bien-cultural-como-argumento-para-rechazar-solicitudes-internacionales-de-restitucion-de-patrimonio","status":"publish","type":"post","link":"https:\/\/katiafachgomez.com\/?p=4294","title":{"rendered":"El estado de conservaci\u00f3n del bien cultural como argumento para rechazar solicitudes internacionales de restituci\u00f3n de patrimonio"},"content":{"rendered":"\n<h4 class=\"wp-block-heading\">Segundas Jornadas de Conservaci\u00f3n de Bienes Culturales y Patrimoniales Nacionales e Internacionales. Facultad de Arte y Dise\u00f1o de la Universidad Provincial de C\u00f3rdoba<\/h4>\n\n\n\n<p>11 de Junio  2025<\/p>\n\n\n\n<div>\n<p class=\"gb-text gb-text-ee3e411b\">Estas jornadas representan la continuidad de un proceso iniciado en 2019, en el que la Facultad comenz\u00f3 a trazar una l\u00ednea de trabajo interdisciplinaria y colaborativa en torno a la preservaci\u00f3n del patrimonio. En esta nueva edici\u00f3n, el enfoque estar\u00e1 puesto en la&nbsp;conservaci\u00f3n preventiva, eje clave para garantizar la accesibilidad y perdurabilidad de los bienes culturales de las generaciones presentes y futuras&#8230;<\/p>\n<\/div>\n\n\n\n<div class=\"gb-element-dfd32800\">\n<a class=\"gb-text gb-text-f0bd316a\" href=\"https:\/\/fad.upc.edu.ar\/segundas-jornadas-de-conservacion\/\">See<\/a>\n<\/div>\n\n\n\n<p><\/p>\n","protected":false},"excerpt":{"rendered":"<p>Segundas Jornadas de Conservaci\u00f3n de Bienes Culturales y Patrimoniales Nacionales e Internacionales. Facultad de Arte y Dise\u00f1o de la Universidad Provincial de C\u00f3rdoba 11 de Junio 2025 Estas jornadas representan la continuidad de un proceso iniciado en 2019, en el que la Facultad comenz\u00f3 a trazar una l\u00ednea de trabajo interdisciplinaria y colaborativa en torno &#8230; <a title=\"El estado de conservaci\u00f3n del bien cultural como argumento para rechazar solicitudes internacionales de restituci\u00f3n de patrimonio\" class=\"read-more\" href=\"https:\/\/katiafachgomez.com\/?p=4294\" aria-label=\"Read more about El estado de conservaci\u00f3n del bien cultural como argumento para rechazar solicitudes internacionales de restituci\u00f3n de patrimonio\">Read more<\/a><\/p>\n","protected":false},"author":1,"featured_media":4295,"comment_status":"closed","ping_status":"closed","sticky":false,"template":"","format":"standard","meta":{"footnotes":""},"categories":[25],"tags":[],"class_list":["post-4294","post","type-post","status-publish","format-standard","has-post-thumbnail","hentry","category-abducted-art"],"_links":{"self":[{"href":"https:\/\/katiafachgomez.com\/index.php?rest_route=\/wp\/v2\/posts\/4294","targetHints":{"allow":["GET"]}}],"collection":[{"href":"https:\/\/katiafachgomez.com\/index.php?rest_route=\/wp\/v2\/posts"}],"about":[{"href":"https:\/\/katiafachgomez.com\/index.php?rest_route=\/wp\/v2\/types\/post"}],"author":[{"embeddable":true,"href":"https:\/\/katiafachgomez.com\/index.php?rest_route=\/wp\/v2\/users\/1"}],"replies":[{"embeddable":true,"href":"https:\/\/katiafachgomez.com\/index.php?rest_route=%2Fwp%2Fv2%2Fcomments&post=4294"}],"version-history":[{"count":3,"href":"https:\/\/katiafachgomez.com\/index.php?rest_route=\/wp\/v2\/posts\/4294\/revisions"}],"predecessor-version":[{"id":4495,"href":"https:\/\/katiafachgomez.com\/index.php?rest_route=\/wp\/v2\/posts\/4294\/revisions\/4495"}],"wp:featuredmedia":[{"embeddable":true,"href":"https:\/\/katiafachgomez.com\/index.php?rest_route=\/wp\/v2\/media\/4295"}],"wp:attachment":[{"href":"https:\/\/katiafachgomez.com\/index.php?rest_route=%2Fwp%2Fv2%2Fmedia&parent=4294"}],"wp:term":[{"taxonomy":"category","embeddable":true,"href":"https:\/\/katiafachgomez.com\/index.php?rest_route=%2Fwp%2Fv2%2Fcategories&post=4294"},{"taxonomy":"post_tag","embeddable":true,"href":"https:\/\/katiafachgomez.com\/index.php?rest_route=%2Fwp%2Fv2%2Ftags&post=4294"}],"curies":[{"name":"wp","href":"https:\/\/api.w.org\/{rel}","templated":true}]}}